{"id":10507,"date":"2013-07-03T19:51:12","date_gmt":"2013-07-03T19:51:12","guid":{"rendered":"https:\/\/satellites.univ-rennes2.fr\/cabinet-livre-artiste\/wp\/?p=10507"},"modified":"2019-01-28T15:20:13","modified_gmt":"2019-01-28T15:20:13","slug":"recortacao","status":"publish","type":"post","link":"https:\/\/satellites.univ-rennes2.fr\/cabinet-livre-artiste\/wp\/genres\/carte-postale\/recortacao","title":{"rendered":"Recorta\u00e7\u00e0o"},"content":{"rendered":"<table border=\"0\" width=\"650\">\n<tbody>\n<tr>\n<td align=\"left\" valign=\"top\" width=\"300\">\n<p style=\"text-align: left;\"><span style=\"text-align: justify;\">AUTEUR.<br \/>\nLourdes Castro.<br \/>\n<\/span><\/p>\n<p style=\"text-align: left;\"><span style=\"text-align: justify;\">PUBLICATION.<br \/>\nLisbonne, Funda\u00e7\u00e0o Calouste Gulbenkian, 1992.<br \/>\n<\/span><\/p>\n<p style=\"text-align: justify;\">TYPE DOC.<br \/>\nCartes postales<\/p>\n<p style=\"text-align: left;\">FA\u00c7ONNAGE.<br \/>\n11 cartes postales sous coffret, impression couleur, 10,5 x 15 cm.<\/p>\n<p style=\"text-align: left;\">DESCRIPTION.<br \/>\nCette s\u00e9rie de cartes postales pr\u00e9sentent toutes un monument incontournable de diverses villes du monde, ici effac\u00e9 par l&rsquo;artiste.<\/p>\n<p style=\"text-align: justify;\">COTE. 01CAST\/REC<\/p>\n<p style=\"text-align: justify;\">ISBN. Sans<\/p>\n<\/td>\n<td align=\"left\" valign=\"top\" width=\"300\"><a href=\"https:\/\/satellites.univ-rennes2.fr\/cabinet-livre-artiste\/wp\/wp-content\/uploads\/revue_bu.jpg\"><br \/>\n<\/a><a href=\"https:\/\/satellites.univ-rennes2.fr\/cabinet-livre-artiste\/wp\/wp-content\/uploads\/alm.jpeg\"><img loading=\"lazy\" decoding=\"async\" class=\"alignnone size-medium wp-image-10508\" src=\"https:\/\/satellites.univ-rennes2.fr\/cabinet-livre-artiste\/wp\/wp-content\/uploads\/alm-212x300.jpeg\" alt=\"recorta\u00e7\u00e0o\" width=\"212\" height=\"300\" srcset=\"https:\/\/satellites.univ-rennes2.fr\/cabinet-livre-artiste\/wp\/wp-content\/uploads\/alm-212x300.jpeg 212w, https:\/\/satellites.univ-rennes2.fr\/cabinet-livre-artiste\/wp\/wp-content\/uploads\/alm.jpeg 595w\" sizes=\"auto, (max-width: 212px) 100vw, 212px\" \/><\/a><\/td>\n<\/tr>\n<\/tbody>\n<\/table>\n","protected":false},"excerpt":{"rendered":"<p>  <a href=\"https:\/\/satellites.univ-rennes2.fr\/cabinet-livre-artiste\/wp\/genres\/carte-postale\/recortacao\"> <span class=\"meta-nav\"><\/span><\/a><\/p>\n","protected":false},"author":2,"featured_media":0,"comment_status":"closed","ping_status":"closed","sticky":false,"template":"","format":"standard","meta":{"footnotes":""},"categories":[23,2083,2853],"tags":[708,723,650,693],"class_list":["post-10507","post","type-post","status-publish","format-standard","hentry","category-carte-postale","category-castro-lourdes","category-fundacao-calouste-gulbenkian","tag-detournement","tag-montage","tag-ville","tag-voyage"],"_links":{"self":[{"href":"https:\/\/satellites.univ-rennes2.fr\/cabinet-livre-artiste\/wp\/wp-json\/wp\/v2\/posts\/10507","targetHints":{"allow":["GET"]}}],"collection":[{"href":"https:\/\/satellites.univ-rennes2.fr\/cabinet-livre-artiste\/wp\/wp-json\/wp\/v2\/posts"}],"about":[{"href":"https:\/\/satellites.univ-rennes2.fr\/cabinet-livre-artiste\/wp\/wp-json\/wp\/v2\/types\/post"}],"author":[{"embeddable":true,"href":"https:\/\/satellites.univ-rennes2.fr\/cabinet-livre-artiste\/wp\/wp-json\/wp\/v2\/users\/2"}],"replies":[{"embeddable":true,"href":"https:\/\/satellites.univ-rennes2.fr\/cabinet-livre-artiste\/wp\/wp-json\/wp\/v2\/comments?post=10507"}],"version-history":[{"count":4,"href":"https:\/\/satellites.univ-rennes2.fr\/cabinet-livre-artiste\/wp\/wp-json\/wp\/v2\/posts\/10507\/revisions"}],"predecessor-version":[{"id":21483,"href":"https:\/\/satellites.univ-rennes2.fr\/cabinet-livre-artiste\/wp\/wp-json\/wp\/v2\/posts\/10507\/revisions\/21483"}],"wp:attachment":[{"href":"https:\/\/satellites.univ-rennes2.fr\/cabinet-livre-artiste\/wp\/wp-json\/wp\/v2\/media?parent=10507"}],"wp:term":[{"taxonomy":"category","embeddable":true,"href":"https:\/\/satellites.univ-rennes2.fr\/cabinet-livre-artiste\/wp\/wp-json\/wp\/v2\/categories?post=10507"},{"taxonomy":"post_tag","embeddable":true,"href":"https:\/\/satellites.univ-rennes2.fr\/cabinet-livre-artiste\/wp\/wp-json\/wp\/v2\/tags?post=10507"}],"curies":[{"name":"wp","href":"https:\/\/api.w.org\/{rel}","templated":true}]}}