{"id":10778,"date":"2014-01-19T21:41:37","date_gmt":"2014-01-19T21:41:37","guid":{"rendered":"https:\/\/satellites.univ-rennes2.fr\/cabinet-livre-artiste\/wp\/?p=10778"},"modified":"2022-06-16T12:43:46","modified_gmt":"2022-06-16T12:43:46","slug":"jetuilelle-repliques","status":"publish","type":"post","link":"https:\/\/satellites.univ-rennes2.fr\/cabinet-livre-artiste\/wp\/genres\/multiple\/jetuilelle-repliques","title":{"rendered":"JETUILELLE (R\u00e9pliques)"},"content":{"rendered":"<table border=\"0\" width=\"650\">\n<tbody>\n<tr>\n<td align=\"left\" valign=\"top\" width=\"300\">\n<p style=\"text-align: left;\">AUTEUR.<br \/>\nBernard Villers.<\/p>\n<p style=\"text-align: left;\">PUBLICATION.<br \/>\nMariemont, Mus\u00e9e royal de Mariemont, 2013.<\/p>\n<p style=\"text-align: justify;\">TYPE DOC.<br \/>\nLivret<\/p>\n<p style=\"text-align: left;\">FA\u00c7ONNAGE.<br \/>\n[8 pages], pli\u00e9es, impression couleur, 21 x 7,4 cm<\/p>\n<p style=\"text-align: left;\">DESCRIPTION.<br \/>\nCet <em>ephemera<\/em> a \u00e9t\u00e9 r\u00e9alis\u00e9 par Bernard Villers \u00e0 l&rsquo;occasion de son exposition au Mus\u00e9e de Mariemont, comme invit\u00e9 d&rsquo;honneur du 9e march\u00e9 du livre de Mariemont.<\/p>\n<p style=\"text-align: justify;\">COTE. 01VILL\/JET <em><span class=\"Apple-style-span\" style=\"font-style: normal;\">(BOITE)<\/span><\/em><\/p>\n<p>ISBN. Sans<\/td>\n<td align=\"left\" valign=\"top\" width=\"300\"><a href=\"https:\/\/satellites.univ-rennes2.fr\/cabinet-livre-artiste\/wp\/wp-content\/uploads\/P1020074.jpg\"><img loading=\"lazy\" decoding=\"async\" class=\"alignnone size-medium wp-image-10716\" src=\"https:\/\/satellites.univ-rennes2.fr\/cabinet-livre-artiste\/wp\/wp-content\/uploads\/P1020074-225x300.jpg\" alt=\"mariemont\" width=\"225\" height=\"300\" srcset=\"https:\/\/satellites.univ-rennes2.fr\/cabinet-livre-artiste\/wp\/wp-content\/uploads\/P1020074-225x300.jpg 225w, https:\/\/satellites.univ-rennes2.fr\/cabinet-livre-artiste\/wp\/wp-content\/uploads\/P1020074.jpg 600w\" sizes=\"auto, (max-width: 225px) 100vw, 225px\" \/><\/a><\/td>\n<\/tr>\n<\/tbody>\n<\/table>\n","protected":false},"excerpt":{"rendered":"<p>  <a href=\"https:\/\/satellites.univ-rennes2.fr\/cabinet-livre-artiste\/wp\/genres\/multiple\/jetuilelle-repliques\"> <span class=\"meta-nav\"><\/span><\/a><\/p>\n","protected":false},"author":2,"featured_media":0,"comment_status":"closed","ping_status":"closed","sticky":false,"template":"","format":"standard","meta":{"footnotes":""},"categories":[20,2950,954],"tags":[803],"class_list":["post-10778","post","type-post","status-publish","format-standard","hentry","category-multiple","category-musee-de-mariemont","category-villers","tag-couleur"],"_links":{"self":[{"href":"https:\/\/satellites.univ-rennes2.fr\/cabinet-livre-artiste\/wp\/wp-json\/wp\/v2\/posts\/10778","targetHints":{"allow":["GET"]}}],"collection":[{"href":"https:\/\/satellites.univ-rennes2.fr\/cabinet-livre-artiste\/wp\/wp-json\/wp\/v2\/posts"}],"about":[{"href":"https:\/\/satellites.univ-rennes2.fr\/cabinet-livre-artiste\/wp\/wp-json\/wp\/v2\/types\/post"}],"author":[{"embeddable":true,"href":"https:\/\/satellites.univ-rennes2.fr\/cabinet-livre-artiste\/wp\/wp-json\/wp\/v2\/users\/2"}],"replies":[{"embeddable":true,"href":"https:\/\/satellites.univ-rennes2.fr\/cabinet-livre-artiste\/wp\/wp-json\/wp\/v2\/comments?post=10778"}],"version-history":[{"count":6,"href":"https:\/\/satellites.univ-rennes2.fr\/cabinet-livre-artiste\/wp\/wp-json\/wp\/v2\/posts\/10778\/revisions"}],"predecessor-version":[{"id":27128,"href":"https:\/\/satellites.univ-rennes2.fr\/cabinet-livre-artiste\/wp\/wp-json\/wp\/v2\/posts\/10778\/revisions\/27128"}],"wp:attachment":[{"href":"https:\/\/satellites.univ-rennes2.fr\/cabinet-livre-artiste\/wp\/wp-json\/wp\/v2\/media?parent=10778"}],"wp:term":[{"taxonomy":"category","embeddable":true,"href":"https:\/\/satellites.univ-rennes2.fr\/cabinet-livre-artiste\/wp\/wp-json\/wp\/v2\/categories?post=10778"},{"taxonomy":"post_tag","embeddable":true,"href":"https:\/\/satellites.univ-rennes2.fr\/cabinet-livre-artiste\/wp\/wp-json\/wp\/v2\/tags?post=10778"}],"curies":[{"name":"wp","href":"https:\/\/api.w.org\/{rel}","templated":true}]}}