{"id":1086,"date":"2011-08-24T18:17:43","date_gmt":"2011-08-24T18:17:43","guid":{"rendered":"https:\/\/satellites.univ-rennes2.fr\/cabinet-livre-artiste\/wp\/?p=1086"},"modified":"2019-03-07T12:31:19","modified_gmt":"2019-03-07T12:31:19","slug":"il-etait-temps-sonate-pour-megaphone-suivi-de-cap","status":"publish","type":"post","link":"https:\/\/satellites.univ-rennes2.fr\/cabinet-livre-artiste\/wp\/genres\/livre\/il-etait-temps-sonate-pour-megaphone-suivi-de-cap","title":{"rendered":"Il \u00e9tait temps (sonate pour m\u00e9gaphone) suivi de Cap"},"content":{"rendered":"<table border=\"0\" width=\"650\">\n<tbody>\n<tr>\n<td style=\"text-align: justify;\" align=\"left\" valign=\"top\" width=\"325\" height=\"300\">\n<p style=\"text-align: left;\">AUTEUR.<br \/>\nBeno\u00eet Casas.<\/p>\n<p style=\"text-align: left;\">PUBLICATION.<br \/>\nH\u00e9rouville-saint-Clair, WHARF, Centre d&rsquo;art contemporain de Basse-Normandie; Caen\u2008: \u00c9ditions NOUS, 2010.<\/p>\n<p style=\"text-align: left;\">TYPE DOC.<br \/>\nLivre<\/p>\n<p style=\"text-align: left;\">FA\u00c7ONNAGE.<br \/>\n82 pages, dos carr\u00e9 cousu coll\u00e9, impression noir &amp; blanc, 20 x 20 cm.<\/p>\n<p style=\"text-align: left;\">DESCRIPTION.<br \/>\nDans ce livre sous-titr\u00e9 \u00ab sonate pour m\u00e9gaphone\u2008\u00bb, Beno\u00eet Casas, auteur de ce qu\u2019il nomme des \u00ab s\u00e9quences-livres\u2008\u00bb et adepte de lectures-performances, livre des textes compos\u00e9s \u00e0 partir d\u2019ouvrages de Barthes, Sartre, Proust ou Blanchot. Les groupes de mots, imprim\u00e9s sur les pages en escalier, rappellent la composition du po\u00e8me de Mallarm\u00e9\u2008: \u00ab Un Coup de d\u00e9s jamais n\u2019abolira le hasard\u2008\u00bb, que le po\u00e8te apparentait \u00e0 une \u00ab constellation\u2008\u00bb.<\/p>\n<p>COTE. 01CASA.1\/ILE<\/p>\n<p>ISBN. 978-2-913549-42-5<\/td>\n<td align=\"left\" valign=\"top\" width=\"25\" height=\"300\"><\/td>\n<td align=\"left\" valign=\"top\" width=\"300\" height=\"300\"><a href=\"https:\/\/satellites.univ-rennes2.fr\/cabinet-livre-artiste\/wp\/wp-content\/uploads\/casas_il_etait_temps_2010.jpg\"><img loading=\"lazy\" decoding=\"async\" class=\"alignnone size-medium wp-image-1087\" title=\"Il \u00e9tait temps (sonate pour m\u00e9gaphone) suivi de Cap\" src=\"https:\/\/satellites.univ-rennes2.fr\/cabinet-livre-artiste\/wp\/wp-content\/uploads\/casas_il_etait_temps_2010-217x300.jpg\" alt=\"\" width=\"217\" height=\"300\" srcset=\"https:\/\/satellites.univ-rennes2.fr\/cabinet-livre-artiste\/wp\/wp-content\/uploads\/casas_il_etait_temps_2010-217x300.jpg 217w, https:\/\/satellites.univ-rennes2.fr\/cabinet-livre-artiste\/wp\/wp-content\/uploads\/casas_il_etait_temps_2010.jpg 579w\" sizes=\"auto, (max-width: 217px) 100vw, 217px\" \/><\/a><\/td>\n<\/tr>\n<\/tbody>\n<\/table>\n","protected":false},"excerpt":{"rendered":"<p>  <a href=\"https:\/\/satellites.univ-rennes2.fr\/cabinet-livre-artiste\/wp\/genres\/livre\/il-etait-temps-sonate-pour-megaphone-suivi-de-cap\"> <span class=\"meta-nav\"><\/span><\/a><\/p>\n","protected":false},"author":2,"featured_media":0,"comment_status":"closed","ping_status":"open","sticky":false,"template":"","format":"standard","meta":{"footnotes":""},"categories":[848,140,32,52],"tags":[724,198,707,659,815,200,661,700,672,719,831],"class_list":["post-1086","post","type-post","status-publish","format-standard","hentry","category-casas-benoit","category-editions-nous","category-livre","category-wharf","tag-celebrite","tag-citation","tag-ecriture","tag-langage","tag-litterature","tag-minimal","tag-mots","tag-narration","tag-performance","tag-poesie","tag-son"],"_links":{"self":[{"href":"https:\/\/satellites.univ-rennes2.fr\/cabinet-livre-artiste\/wp\/wp-json\/wp\/v2\/posts\/1086","targetHints":{"allow":["GET"]}}],"collection":[{"href":"https:\/\/satellites.univ-rennes2.fr\/cabinet-livre-artiste\/wp\/wp-json\/wp\/v2\/posts"}],"about":[{"href":"https:\/\/satellites.univ-rennes2.fr\/cabinet-livre-artiste\/wp\/wp-json\/wp\/v2\/types\/post"}],"author":[{"embeddable":true,"href":"https:\/\/satellites.univ-rennes2.fr\/cabinet-livre-artiste\/wp\/wp-json\/wp\/v2\/users\/2"}],"replies":[{"embeddable":true,"href":"https:\/\/satellites.univ-rennes2.fr\/cabinet-livre-artiste\/wp\/wp-json\/wp\/v2\/comments?post=1086"}],"version-history":[{"count":4,"href":"https:\/\/satellites.univ-rennes2.fr\/cabinet-livre-artiste\/wp\/wp-json\/wp\/v2\/posts\/1086\/revisions"}],"predecessor-version":[{"id":23816,"href":"https:\/\/satellites.univ-rennes2.fr\/cabinet-livre-artiste\/wp\/wp-json\/wp\/v2\/posts\/1086\/revisions\/23816"}],"wp:attachment":[{"href":"https:\/\/satellites.univ-rennes2.fr\/cabinet-livre-artiste\/wp\/wp-json\/wp\/v2\/media?parent=1086"}],"wp:term":[{"taxonomy":"category","embeddable":true,"href":"https:\/\/satellites.univ-rennes2.fr\/cabinet-livre-artiste\/wp\/wp-json\/wp\/v2\/categories?post=1086"},{"taxonomy":"post_tag","embeddable":true,"href":"https:\/\/satellites.univ-rennes2.fr\/cabinet-livre-artiste\/wp\/wp-json\/wp\/v2\/tags?post=1086"}],"curies":[{"name":"wp","href":"https:\/\/api.w.org\/{rel}","templated":true}]}}