{"id":1309,"date":"2011-08-27T12:26:20","date_gmt":"2011-08-27T12:26:20","guid":{"rendered":"https:\/\/satellites.univ-rennes2.fr\/cabinet-livre-artiste\/wp\/?p=1309"},"modified":"2019-03-06T13:54:56","modified_gmt":"2019-03-06T13:54:56","slug":"melanges-offerts-a-anne-moeglin-delcroix","status":"publish","type":"post","link":"https:\/\/satellites.univ-rennes2.fr\/cabinet-livre-artiste\/wp\/genres\/livre\/melanges-offerts-a-anne-moeglin-delcroix","title":{"rendered":"M\u00e9langes offerts \u00e0 Anne M\u0153glin-Delcroix"},"content":{"rendered":"<table border=\"0\" width=\"650\">\n<tbody>\n<tr>\n<td style=\"text-align: justify;\" align=\"left\" valign=\"top\" width=\"325\" height=\"300\">\n<p style=\"text-align: left;\">AUTEURS.<br \/>\nAlain Bernardini, Leszek Brobowski, Yves Chaudou\u00ebt, Jean-Baptiste Ganne, V\u00e9ronique Hubert, Lefevre Jean Claude, Laurent Marissal, Roberto Martinez, Hubert Renard, \u00c9ric Watier.<\/p>\n<p style=\"text-align: left;\">PUBLICATION.<br \/>\ns.l., les artistes, 2010.<\/p>\n<p style=\"text-align: left;\">TYPE DOC.<br \/>\nLivre<\/p>\n<p style=\"text-align: left;\">FA\u00c7ONNAGE.<br \/>\n[94 pages], reliure spirale, impression couleur et noir &amp; blanc, 29,7 x 21 cm.<\/p>\n<p style=\"text-align: left;\">DESCRIPTION.<br \/>\nCe livre hommage \u00e0 Anne M\u0153glin-Delcroix a \u00e9t\u00e9 r\u00e9alis\u00e9 pour son d\u00e9part en retraite par dix artistes qui, au cours de sa carri\u00e8re, sont aussi devenus des amis. Chacun d\u2019entre eux a con\u00e7u sur le nombre de pages de son choix, une proposition imprim\u00e9e saluant son parcours.<\/p>\n<p>COTE. 01CLTF\/MEL<\/p>\n<p>ISBN. Sans<\/td>\n<td align=\"left\" valign=\"top\" width=\"25\" height=\"300\"><\/td>\n<td align=\"left\" valign=\"top\" width=\"300\" height=\"300\"><a href=\"https:\/\/satellites.univ-rennes2.fr\/cabinet-livre-artiste\/wp\/wp-content\/uploads\/collectif_melanges.jpg\"><img loading=\"lazy\" decoding=\"async\" class=\"alignnone size-medium wp-image-1890\" title=\"M\u00e9langes offerts \u00e0 Anne M\u0153glin-Delcroix\" src=\"https:\/\/satellites.univ-rennes2.fr\/cabinet-livre-artiste\/wp\/wp-content\/uploads\/collectif_melanges-217x300.jpg\" alt=\"\" width=\"217\" height=\"300\" srcset=\"https:\/\/satellites.univ-rennes2.fr\/cabinet-livre-artiste\/wp\/wp-content\/uploads\/collectif_melanges-217x300.jpg 217w, https:\/\/satellites.univ-rennes2.fr\/cabinet-livre-artiste\/wp\/wp-content\/uploads\/collectif_melanges.jpg 579w\" sizes=\"auto, (max-width: 217px) 100vw, 217px\" \/><\/a><\/td>\n<\/tr>\n<\/tbody>\n<\/table>\n","protected":false},"excerpt":{"rendered":"<p>  <a href=\"https:\/\/satellites.univ-rennes2.fr\/cabinet-livre-artiste\/wp\/genres\/livre\/melanges-offerts-a-anne-moeglin-delcroix\"> <span class=\"meta-nav\"><\/span><\/a><\/p>\n","protected":false},"author":2,"featured_media":0,"comment_status":"closed","ping_status":"open","sticky":false,"template":"","format":"standard","meta":{"footnotes":""},"categories":[748,1000,856,654,35,1113,991,837,32,972,966,973,970],"tags":[820,807,665,201],"class_list":["post-1309","post","type-post","status-publish","format-standard","hentry","category-bernardini-alain","category-brogowski-leszek","category-chaudouet-yves","category-collectif","category-lartiste","category-ganne-jean-baptiste-auteurs","category-hubert-veronique","category-lefevre-jean-claude","category-livre","category-marissal-laurent","category-martinez-roberto","category-renard-hubert","category-watier-eric","tag-appel-a-contributions","tag-memoire","tag-monde-de-lart","tag-serie"],"_links":{"self":[{"href":"https:\/\/satellites.univ-rennes2.fr\/cabinet-livre-artiste\/wp\/wp-json\/wp\/v2\/posts\/1309","targetHints":{"allow":["GET"]}}],"collection":[{"href":"https:\/\/satellites.univ-rennes2.fr\/cabinet-livre-artiste\/wp\/wp-json\/wp\/v2\/posts"}],"about":[{"href":"https:\/\/satellites.univ-rennes2.fr\/cabinet-livre-artiste\/wp\/wp-json\/wp\/v2\/types\/post"}],"author":[{"embeddable":true,"href":"https:\/\/satellites.univ-rennes2.fr\/cabinet-livre-artiste\/wp\/wp-json\/wp\/v2\/users\/2"}],"replies":[{"embeddable":true,"href":"https:\/\/satellites.univ-rennes2.fr\/cabinet-livre-artiste\/wp\/wp-json\/wp\/v2\/comments?post=1309"}],"version-history":[{"count":6,"href":"https:\/\/satellites.univ-rennes2.fr\/cabinet-livre-artiste\/wp\/wp-json\/wp\/v2\/posts\/1309\/revisions"}],"predecessor-version":[{"id":23744,"href":"https:\/\/satellites.univ-rennes2.fr\/cabinet-livre-artiste\/wp\/wp-json\/wp\/v2\/posts\/1309\/revisions\/23744"}],"wp:attachment":[{"href":"https:\/\/satellites.univ-rennes2.fr\/cabinet-livre-artiste\/wp\/wp-json\/wp\/v2\/media?parent=1309"}],"wp:term":[{"taxonomy":"category","embeddable":true,"href":"https:\/\/satellites.univ-rennes2.fr\/cabinet-livre-artiste\/wp\/wp-json\/wp\/v2\/categories?post=1309"},{"taxonomy":"post_tag","embeddable":true,"href":"https:\/\/satellites.univ-rennes2.fr\/cabinet-livre-artiste\/wp\/wp-json\/wp\/v2\/tags?post=1309"}],"curies":[{"name":"wp","href":"https:\/\/api.w.org\/{rel}","templated":true}]}}