{"id":1431,"date":"2011-08-27T18:42:21","date_gmt":"2011-08-27T18:42:21","guid":{"rendered":"https:\/\/satellites.univ-rennes2.fr\/cabinet-livre-artiste\/wp\/?p=1431"},"modified":"2022-06-16T15:10:20","modified_gmt":"2022-06-16T15:10:20","slug":"petits-airs-for-margot","status":"publish","type":"post","link":"https:\/\/satellites.univ-rennes2.fr\/cabinet-livre-artiste\/wp\/genres\/livre\/petits-airs-for-margot","title":{"rendered":"Petits-airs for Margot"},"content":{"rendered":"<table border=\"0\" width=\"650\">\n<tbody>\n<tr>\n<td style=\"text-align: justify;\" align=\"left\" valign=\"top\" width=\"325\" height=\"300\">\n<p style=\"text-align: left;\">AUTEUR.<br \/>\nSimon Cutts.<\/p>\n<p style=\"text-align: left;\">PUBLICATION.<br \/>\nLondres, Coracle Press, 1985.<\/p>\n<p style=\"text-align: left;\">TYPE DOC.<br \/>\nLivre (texte en anglais)<\/p>\n<p style=\"text-align: left;\">FA\u00c7ONNAGE.<br \/>\n[50 pages], reli\u00e9es, couverture toil\u00e9e rembord\u00e9e, impression noir &amp; blanc et deux couleurs, 15 x 11,5 cm<\/p>\n<p style=\"text-align: left;\">DESCRIPTION.<br \/>\n<em>Petits-airs for Margot<\/em> se compose de petits po\u00e8mes ou \u00ab petits-airs \u00bb d\u00e9di\u00e9s \u00e0 Margot. \u00c0 ce titre, un certain nombre d\u2019entre eux ont un titre en fran\u00e7ais comme <em>lentilles de contact, le March\u00e9, d\u00e9sert <\/em>ou <em>les Bagatelles.<\/em><\/p>\n<p>COTE. 01CUTT\/PET (BOITE)<\/p>\n<p>ISBN. Sans<\/td>\n<td align=\"left\" valign=\"top\" width=\"25\" height=\"300\"><\/td>\n<td align=\"left\" valign=\"top\" width=\"300\" height=\"300\"><a href=\"https:\/\/satellites.univ-rennes2.fr\/cabinet-livre-artiste\/wp\/wp-content\/uploads\/cutts_petits_1985.jpg\"><img loading=\"lazy\" decoding=\"async\" class=\"alignnone size-medium wp-image-1432\" title=\"Petits-airs for Margot\" src=\"https:\/\/satellites.univ-rennes2.fr\/cabinet-livre-artiste\/wp\/wp-content\/uploads\/cutts_petits_1985-217x300.jpg\" alt=\"\" width=\"217\" height=\"300\" srcset=\"https:\/\/satellites.univ-rennes2.fr\/cabinet-livre-artiste\/wp\/wp-content\/uploads\/cutts_petits_1985-217x300.jpg 217w, https:\/\/satellites.univ-rennes2.fr\/cabinet-livre-artiste\/wp\/wp-content\/uploads\/cutts_petits_1985.jpg 579w\" sizes=\"auto, (max-width: 217px) 100vw, 217px\" \/><\/a><\/td>\n<\/tr>\n<\/tbody>\n<\/table>\n","protected":false},"excerpt":{"rendered":"<p>  <a href=\"https:\/\/satellites.univ-rennes2.fr\/cabinet-livre-artiste\/wp\/genres\/livre\/petits-airs-for-margot\"> <span class=\"meta-nav\"><\/span><\/a><\/p>\n","protected":false},"author":2,"featured_media":0,"comment_status":"closed","ping_status":"open","sticky":false,"template":"","format":"standard","meta":{"footnotes":""},"categories":[292,873,32],"tags":[719],"class_list":["post-1431","post","type-post","status-publish","format-standard","hentry","category-coracle-press","category-cutts-simon","category-livre","tag-poesie"],"_links":{"self":[{"href":"https:\/\/satellites.univ-rennes2.fr\/cabinet-livre-artiste\/wp\/wp-json\/wp\/v2\/posts\/1431","targetHints":{"allow":["GET"]}}],"collection":[{"href":"https:\/\/satellites.univ-rennes2.fr\/cabinet-livre-artiste\/wp\/wp-json\/wp\/v2\/posts"}],"about":[{"href":"https:\/\/satellites.univ-rennes2.fr\/cabinet-livre-artiste\/wp\/wp-json\/wp\/v2\/types\/post"}],"author":[{"embeddable":true,"href":"https:\/\/satellites.univ-rennes2.fr\/cabinet-livre-artiste\/wp\/wp-json\/wp\/v2\/users\/2"}],"replies":[{"embeddable":true,"href":"https:\/\/satellites.univ-rennes2.fr\/cabinet-livre-artiste\/wp\/wp-json\/wp\/v2\/comments?post=1431"}],"version-history":[{"count":5,"href":"https:\/\/satellites.univ-rennes2.fr\/cabinet-livre-artiste\/wp\/wp-json\/wp\/v2\/posts\/1431\/revisions"}],"predecessor-version":[{"id":27248,"href":"https:\/\/satellites.univ-rennes2.fr\/cabinet-livre-artiste\/wp\/wp-json\/wp\/v2\/posts\/1431\/revisions\/27248"}],"wp:attachment":[{"href":"https:\/\/satellites.univ-rennes2.fr\/cabinet-livre-artiste\/wp\/wp-json\/wp\/v2\/media?parent=1431"}],"wp:term":[{"taxonomy":"category","embeddable":true,"href":"https:\/\/satellites.univ-rennes2.fr\/cabinet-livre-artiste\/wp\/wp-json\/wp\/v2\/categories?post=1431"},{"taxonomy":"post_tag","embeddable":true,"href":"https:\/\/satellites.univ-rennes2.fr\/cabinet-livre-artiste\/wp\/wp-json\/wp\/v2\/tags?post=1431"}],"curies":[{"name":"wp","href":"https:\/\/api.w.org\/{rel}","templated":true}]}}