{"id":1498,"date":"2011-08-28T19:04:07","date_gmt":"2011-08-28T19:04:07","guid":{"rendered":"https:\/\/satellites.univ-rennes2.fr\/cabinet-livre-artiste\/wp\/?p=1498"},"modified":"2019-03-05T15:17:13","modified_gmt":"2019-03-05T15:17:13","slug":"a-colorier-autrement","status":"publish","type":"post","link":"https:\/\/satellites.univ-rennes2.fr\/cabinet-livre-artiste\/wp\/genres\/livre\/a-colorier-autrement","title":{"rendered":"\u00c0 colorier (autrement)"},"content":{"rendered":"<table border=\"0\" width=\"650\">\n<tbody>\n<tr>\n<td style=\"text-align: justify;\" align=\"left\" valign=\"top\" width=\"325\" height=\"300\">\n<p style=\"text-align: left;\">AUTEUR.<br \/>\nMicha Deridder.<\/p>\n<p style=\"text-align: left;\">PUBLICATION.<br \/>\nNantes, Joca Seria, 2005.<\/p>\n<p style=\"text-align: left;\">TYPE DOC.<br \/>\nLivre<\/p>\n<p style=\"text-align: left;\">FA\u00c7ONNAGE.<br \/>\n[42 pages], reliure spirale, impression couleur et noir &amp; blanc, 21,3 x 14,8 cm.<\/p>\n<p style=\"text-align: left;\">DESCRIPTION.<br \/>\n<em>\u00c0 colorier (autrement)<\/em> est un carnet \u00e0 colorier reprenant des dessins issus du projet \u00ab La Garde robe \u00e0 danser\u2008\u00bb de Micha Deridder dans lequel l\u2019artiste met \u00e0 disposition un certain nombre de v\u00eatements de sa cr\u00e9ation pour diff\u00e9rents essayages et performances. Ce projet a aussi fait l\u2019objet de la publication d\u2019un DVD disponible au CLA.<\/p>\n<p>COTE. 01DERI\/ACO<\/p>\n<p>ISBN. Sans<\/td>\n<td align=\"left\" valign=\"top\" width=\"25\" height=\"300\"><\/td>\n<td align=\"left\" valign=\"top\" width=\"300\" height=\"300\"><a href=\"https:\/\/satellites.univ-rennes2.fr\/cabinet-livre-artiste\/wp\/wp-content\/uploads\/deridder_a_colorier_2005.jpg\"><img loading=\"lazy\" decoding=\"async\" class=\"alignnone size-medium wp-image-1499\" title=\"\u00c0 colorier (autrement)\" src=\"https:\/\/satellites.univ-rennes2.fr\/cabinet-livre-artiste\/wp\/wp-content\/uploads\/deridder_a_colorier_2005-217x300.jpg\" alt=\"\" width=\"217\" height=\"300\" srcset=\"https:\/\/satellites.univ-rennes2.fr\/cabinet-livre-artiste\/wp\/wp-content\/uploads\/deridder_a_colorier_2005-217x300.jpg 217w, https:\/\/satellites.univ-rennes2.fr\/cabinet-livre-artiste\/wp\/wp-content\/uploads\/deridder_a_colorier_2005.jpg 579w\" sizes=\"auto, (max-width: 217px) 100vw, 217px\" \/><\/a><\/td>\n<\/tr>\n<\/tbody>\n<\/table>\n","protected":false},"excerpt":{"rendered":"<p>  <a href=\"https:\/\/satellites.univ-rennes2.fr\/cabinet-livre-artiste\/wp\/genres\/livre\/a-colorier-autrement\"> <span class=\"meta-nav\"><\/span><\/a><\/p>\n","protected":false},"author":2,"featured_media":0,"comment_status":"closed","ping_status":"open","sticky":false,"template":"","format":"standard","meta":{"footnotes":""},"categories":[1020,37,32],"tags":[722,804,803,1756,702,819,193,196,652,670],"class_list":["post-1498","post","type-post","status-publish","format-standard","hentry","category-deridder-micha","category-joca-seria","category-livre","tag-coloriage","tag-corps","tag-couleur","tag-danse","tag-dessin","tag-do-it-yourself","tag-enfance","tag-jeu","tag-projet","tag-vetement"],"_links":{"self":[{"href":"https:\/\/satellites.univ-rennes2.fr\/cabinet-livre-artiste\/wp\/wp-json\/wp\/v2\/posts\/1498","targetHints":{"allow":["GET"]}}],"collection":[{"href":"https:\/\/satellites.univ-rennes2.fr\/cabinet-livre-artiste\/wp\/wp-json\/wp\/v2\/posts"}],"about":[{"href":"https:\/\/satellites.univ-rennes2.fr\/cabinet-livre-artiste\/wp\/wp-json\/wp\/v2\/types\/post"}],"author":[{"embeddable":true,"href":"https:\/\/satellites.univ-rennes2.fr\/cabinet-livre-artiste\/wp\/wp-json\/wp\/v2\/users\/2"}],"replies":[{"embeddable":true,"href":"https:\/\/satellites.univ-rennes2.fr\/cabinet-livre-artiste\/wp\/wp-json\/wp\/v2\/comments?post=1498"}],"version-history":[{"count":5,"href":"https:\/\/satellites.univ-rennes2.fr\/cabinet-livre-artiste\/wp\/wp-json\/wp\/v2\/posts\/1498\/revisions"}],"predecessor-version":[{"id":23682,"href":"https:\/\/satellites.univ-rennes2.fr\/cabinet-livre-artiste\/wp\/wp-json\/wp\/v2\/posts\/1498\/revisions\/23682"}],"wp:attachment":[{"href":"https:\/\/satellites.univ-rennes2.fr\/cabinet-livre-artiste\/wp\/wp-json\/wp\/v2\/media?parent=1498"}],"wp:term":[{"taxonomy":"category","embeddable":true,"href":"https:\/\/satellites.univ-rennes2.fr\/cabinet-livre-artiste\/wp\/wp-json\/wp\/v2\/categories?post=1498"},{"taxonomy":"post_tag","embeddable":true,"href":"https:\/\/satellites.univ-rennes2.fr\/cabinet-livre-artiste\/wp\/wp-json\/wp\/v2\/tags?post=1498"}],"curies":[{"name":"wp","href":"https:\/\/api.w.org\/{rel}","templated":true}]}}