{"id":15572,"date":"2017-09-14T14:20:05","date_gmt":"2017-09-14T14:20:05","guid":{"rendered":"https:\/\/satellites.univ-rennes2.fr\/cabinet-livre-artiste\/wp\/?p=15572"},"modified":"2022-10-20T09:38:38","modified_gmt":"2022-10-20T09:38:38","slug":"pour-lun-dit","status":"publish","type":"post","link":"https:\/\/satellites.univ-rennes2.fr\/cabinet-livre-artiste\/wp\/genres\/documentation\/pour-lun-dit","title":{"rendered":"Pour l&rsquo;un dit"},"content":{"rendered":"<table border=\"0\" width=\"650\">\n<tbody>\n<tr>\n<td align=\"left\" valign=\"top\" width=\"300\">\n<p class=\"s1\">AUTEURS.<br \/>\nSous la dir. de Laurence Cathala, S\u00e9bastien D\u00e9geilh, J\u00e9r\u00f4me Dupeyrat et Olivier Huz.<\/p>\n<p>PUBLICATION.<br \/>\n<span class=\"s1\">Toulouse, IsdaT, 2017.<br \/>\n<\/span><\/p>\n<p class=\"p1\"><span class=\"s1\">TYPE DOC.<br \/>\n<\/span><span class=\"s1\">Catalogue<br \/>\n<\/span><\/p>\n<p class=\"p1\"><span class=\"s1\">FA\u00c7ONNAGE.<br \/>\n[52] pages, agraf\u00e9es, impression noir &amp; blanc, 24 x 33 cm.<\/span><\/p>\n<p>DESCRIPTION.<br \/>\nCe calendrier a \u00e9t\u00e9 publi\u00e9 dans le cadre du programme de recherche LabBooks de l&rsquo;Institut sup\u00e9rieur des arts de Toulouse, \u00e0 l&rsquo;occasion de la biennale \u00ab\u00a0Exemplaires, Formes et pratiques de l&rsquo;\u00e9dition\u00a0\u00bb, du 30 mars au 30 avril 2017 \u00e0 la HEAR &#8211; Strasbourg.<\/p>\n<p class=\"p1\"><span class=\"s1\">COTE. 04CLTF\/POU.1 (BOITE EXEMPLAIRES)<br \/>\n<\/span><\/p>\n<p class=\"p1\">ISBN. <span id=\"description\">978-2-35699-053-2<\/span><\/p>\n<\/td>\n<td align=\"left\" valign=\"top\" width=\"300\"><a href=\"https:\/\/satellites.univ-rennes2.fr\/cabinet-livre-artiste\/wp\/wp-content\/uploads\/IMG_2808.jpg\"><img loading=\"lazy\" decoding=\"async\" class=\"alignnone size-full wp-image-14890\" src=\"https:\/\/satellites.univ-rennes2.fr\/cabinet-livre-artiste\/wp\/wp-content\/uploads\/IMG_2808.jpg\" alt=\"\" width=\"600\" height=\"530\" srcset=\"https:\/\/satellites.univ-rennes2.fr\/cabinet-livre-artiste\/wp\/wp-content\/uploads\/IMG_2808.jpg 600w, https:\/\/satellites.univ-rennes2.fr\/cabinet-livre-artiste\/wp\/wp-content\/uploads\/IMG_2808-300x265.jpg 300w\" sizes=\"auto, (max-width: 600px) 100vw, 600px\" \/><\/a><\/td>\n<\/tr>\n<\/tbody>\n<\/table>\n","protected":false},"excerpt":{"rendered":"<p>  <a href=\"https:\/\/satellites.univ-rennes2.fr\/cabinet-livre-artiste\/wp\/genres\/documentation\/pour-lun-dit\"> <span class=\"meta-nav\"><\/span><\/a><\/p>\n","protected":false},"author":2,"featured_media":0,"comment_status":"closed","ping_status":"closed","sticky":false,"template":"","format":"standard","meta":{"footnotes":""},"categories":[4048,4049,30,2071,743,4050],"tags":[],"class_list":["post-15572","post","type-post","status-publish","format-standard","hentry","category-cathala-laurence","category-degeilh-sebastien","category-documentation","category-dupeyrat-jerome","category-huz-olivier","category-institut-superieur-des-arts-de-toulouse"],"_links":{"self":[{"href":"https:\/\/satellites.univ-rennes2.fr\/cabinet-livre-artiste\/wp\/wp-json\/wp\/v2\/posts\/15572","targetHints":{"allow":["GET"]}}],"collection":[{"href":"https:\/\/satellites.univ-rennes2.fr\/cabinet-livre-artiste\/wp\/wp-json\/wp\/v2\/posts"}],"about":[{"href":"https:\/\/satellites.univ-rennes2.fr\/cabinet-livre-artiste\/wp\/wp-json\/wp\/v2\/types\/post"}],"author":[{"embeddable":true,"href":"https:\/\/satellites.univ-rennes2.fr\/cabinet-livre-artiste\/wp\/wp-json\/wp\/v2\/users\/2"}],"replies":[{"embeddable":true,"href":"https:\/\/satellites.univ-rennes2.fr\/cabinet-livre-artiste\/wp\/wp-json\/wp\/v2\/comments?post=15572"}],"version-history":[{"count":6,"href":"https:\/\/satellites.univ-rennes2.fr\/cabinet-livre-artiste\/wp\/wp-json\/wp\/v2\/posts\/15572\/revisions"}],"predecessor-version":[{"id":28102,"href":"https:\/\/satellites.univ-rennes2.fr\/cabinet-livre-artiste\/wp\/wp-json\/wp\/v2\/posts\/15572\/revisions\/28102"}],"wp:attachment":[{"href":"https:\/\/satellites.univ-rennes2.fr\/cabinet-livre-artiste\/wp\/wp-json\/wp\/v2\/media?parent=15572"}],"wp:term":[{"taxonomy":"category","embeddable":true,"href":"https:\/\/satellites.univ-rennes2.fr\/cabinet-livre-artiste\/wp\/wp-json\/wp\/v2\/categories?post=15572"},{"taxonomy":"post_tag","embeddable":true,"href":"https:\/\/satellites.univ-rennes2.fr\/cabinet-livre-artiste\/wp\/wp-json\/wp\/v2\/tags?post=15572"}],"curies":[{"name":"wp","href":"https:\/\/api.w.org\/{rel}","templated":true}]}}