{"id":16118,"date":"2018-02-08T21:35:49","date_gmt":"2018-02-08T21:35:49","guid":{"rendered":"https:\/\/satellites.univ-rennes2.fr\/cabinet-livre-artiste\/wp\/?p=16118"},"modified":"2022-03-22T12:36:38","modified_gmt":"2022-03-22T12:36:38","slug":"arquivo-17","status":"publish","type":"post","link":"https:\/\/satellites.univ-rennes2.fr\/cabinet-livre-artiste\/wp\/genres\/tract\/arquivo-17","title":{"rendered":"Arquivo 17"},"content":{"rendered":"<table border=\"0\" width=\"650\">\n<tbody>\n<tr>\n<td align=\"left\" valign=\"top\" width=\"300\"><span style=\"text-align: justify;\"><span style=\"text-align: justify;\">AUTEUR.<br \/>\nFernanda Grigolin<\/span><\/span>PUBLICATION.<br \/>\nS\u00e3o Paulo, [Tenda de Livros], 2017.<\/p>\n<p>TYPE DOC.<br \/>\nLivre et inserts<\/p>\n<p>FA\u00c7ONNAGE.<br \/>\n[28 pages], cousues, deux tracts mobiles et trois inserts cousus \u00e0 la reliure, impression noir &amp; blanc et une couleur, bandeau, 29,7 x 21 cm, accompagn\u00e9 d&rsquo;un livret de commentaires : <em>Livro texto: Arquivo 17<\/em>, [24 pages], agraf\u00e9es, impression noir &amp; blanc, 21 x 14,3 cm.<\/p>\n<p>DESCRIPTION.<br \/>\nPour <em>Arquivo 17<\/em>, Fernanda Grigolin r\u00e9unit des images de la gr\u00e8ve g\u00e9n\u00e9rale de 1917 au Br\u00e9sil dont le point de d\u00e9part est la ville de\u00a0S\u00e3o Paulo : photos des manifestations, t\u00e9moignages des violences polici\u00e8res, reproductions d&rsquo;articles de presse, de tracts, etc.<\/p>\n<p>COTE. 01GRIG.1\/ARQ<\/p>\n<p>ISBN. 978-85-68151-03-7<\/td>\n<td align=\"left\" valign=\"top\" width=\"300\"><a href=\"https:\/\/satellites.univ-rennes2.fr\/cabinet-livre-artiste\/wp\/wp-content\/uploads\/IMG_3395.jpg\"><img loading=\"lazy\" decoding=\"async\" class=\"alignnone size-large wp-image-16146\" src=\"https:\/\/satellites.univ-rennes2.fr\/cabinet-livre-artiste\/wp\/wp-content\/uploads\/IMG_3395-906x1024.jpg\" alt=\"\" width=\"640\" height=\"723\" srcset=\"https:\/\/satellites.univ-rennes2.fr\/cabinet-livre-artiste\/wp\/wp-content\/uploads\/IMG_3395-906x1024.jpg 906w, https:\/\/satellites.univ-rennes2.fr\/cabinet-livre-artiste\/wp\/wp-content\/uploads\/IMG_3395-265x300.jpg 265w, https:\/\/satellites.univ-rennes2.fr\/cabinet-livre-artiste\/wp\/wp-content\/uploads\/IMG_3395-768x868.jpg 768w\" sizes=\"auto, (max-width: 640px) 100vw, 640px\" \/><\/a><\/td>\n<\/tr>\n<\/tbody>\n<\/table>\n","protected":false},"excerpt":{"rendered":"<p>  <a href=\"https:\/\/satellites.univ-rennes2.fr\/cabinet-livre-artiste\/wp\/genres\/tract\/arquivo-17\"> <span class=\"meta-nav\"><\/span><\/a><\/p>\n","protected":false},"author":2,"featured_media":0,"comment_status":"closed","ping_status":"closed","sticky":false,"template":"","format":"standard","meta":{"footnotes":""},"categories":[3670,26,32,4300,22],"tags":[704,806],"class_list":["post-16118","post","type-post","status-publish","format-standard","hentry","category-grigolin-fernanda","category-insert","category-livre","category-tenda-de-livros","category-tract","tag-politique","tag-violence"],"_links":{"self":[{"href":"https:\/\/satellites.univ-rennes2.fr\/cabinet-livre-artiste\/wp\/wp-json\/wp\/v2\/posts\/16118","targetHints":{"allow":["GET"]}}],"collection":[{"href":"https:\/\/satellites.univ-rennes2.fr\/cabinet-livre-artiste\/wp\/wp-json\/wp\/v2\/posts"}],"about":[{"href":"https:\/\/satellites.univ-rennes2.fr\/cabinet-livre-artiste\/wp\/wp-json\/wp\/v2\/types\/post"}],"author":[{"embeddable":true,"href":"https:\/\/satellites.univ-rennes2.fr\/cabinet-livre-artiste\/wp\/wp-json\/wp\/v2\/users\/2"}],"replies":[{"embeddable":true,"href":"https:\/\/satellites.univ-rennes2.fr\/cabinet-livre-artiste\/wp\/wp-json\/wp\/v2\/comments?post=16118"}],"version-history":[{"count":7,"href":"https:\/\/satellites.univ-rennes2.fr\/cabinet-livre-artiste\/wp\/wp-json\/wp\/v2\/posts\/16118\/revisions"}],"predecessor-version":[{"id":26572,"href":"https:\/\/satellites.univ-rennes2.fr\/cabinet-livre-artiste\/wp\/wp-json\/wp\/v2\/posts\/16118\/revisions\/26572"}],"wp:attachment":[{"href":"https:\/\/satellites.univ-rennes2.fr\/cabinet-livre-artiste\/wp\/wp-json\/wp\/v2\/media?parent=16118"}],"wp:term":[{"taxonomy":"category","embeddable":true,"href":"https:\/\/satellites.univ-rennes2.fr\/cabinet-livre-artiste\/wp\/wp-json\/wp\/v2\/categories?post=16118"},{"taxonomy":"post_tag","embeddable":true,"href":"https:\/\/satellites.univ-rennes2.fr\/cabinet-livre-artiste\/wp\/wp-json\/wp\/v2\/tags?post=16118"}],"curies":[{"name":"wp","href":"https:\/\/api.w.org\/{rel}","templated":true}]}}