{"id":2644,"date":"2011-10-31T19:15:28","date_gmt":"2011-10-31T19:15:28","guid":{"rendered":"https:\/\/satellites.univ-rennes2.fr\/cabinet-livre-artiste\/wp\/?p=2644"},"modified":"2022-06-20T12:03:18","modified_gmt":"2022-06-20T12:03:18","slug":"pennadou-da-heul-textes-pour-suite","status":"publish","type":"post","link":"https:\/\/satellites.univ-rennes2.fr\/cabinet-livre-artiste\/wp\/genres\/livre\/pennadou-da-heul-textes-pour-suite","title":{"rendered":"Pennado\u00f9 da heul \/ Textes pour suite"},"content":{"rendered":"<table border=\"0\" width=\"650\">\n<tbody>\n<tr>\n<td align=\"left\" valign=\"top\" width=\"300\">\n<p class=\"p1\" style=\"text-align: left;\"><span class=\"s1\">AUTEUR.<br \/>\nLefevre Jean Claude.<\/span><\/p>\n<p class=\"p1\" style=\"text-align: left;\"><span class=\"s1\">PUBLICATION.<br \/>\nRennes, \u00c9ditions Incertain Sens, 2001.<\/span><\/p>\n<p class=\"p1\" style=\"text-align: left;\"><span class=\"s1\">TYPE DOC.<br \/>\nLivre (\u00e9dition bilingue breton\/fran\u00e7ais)<br \/>\n<\/span><\/p>\n<p class=\"p1\" style=\"text-align: left;\"><span class=\"s1\">FA\u00c7ONNAGE.<br \/>\n[114 pages], dos carr\u00e9 cousu coll\u00e9, jaquette, impression noir &amp; blanc, 20,7 x 15,7 cm.<\/span><\/p>\n<p class=\"Style55\" style=\"text-align: left;\" align=\"justify\"><span class=\"s1\">DESCRIPTION.<br \/>\n<\/span>\u00ab\u00a0VENDREDI 2 JUIN 2000<br \/>\nD\u00e9couverte du site de l&rsquo;association \u00c9ditions Incertain Sens, avec la pr\u00e9sentation de son projet \u00e9ditorial et programme de publication de livres d&rsquo;artistes.<br \/>\nE.mail de mon correspondant des Ed. Incs accusant r\u00e9ception de PRO1985879200, l&rsquo;un des deux textes pr\u00e9par\u00e9s pour publication. Traduction confi\u00e9e aux professeurs et \u00e9tudiants bretonnants [&#8230;]\u00a0\u00bb<\/p>\n<p class=\"p1\"><span class=\"s1\">COTE. 01LEFE\/PEN (BOITE)<\/span><\/p>\n<p class=\"p1\"><span class=\"s1\">ISBN. <span class=\"Style72\">2-914291-05-1<\/span><br \/>\n<\/span><\/p>\n<p class=\"p1\"><a href=\"https:\/\/satellites.univ-rennes2.fr\/cabinet-livre-artiste\/incertain-sens\/fiche_pennadou_da_heul_jc_lefevre.htm\"> Acheter le livre<\/a><\/p>\n<\/td>\n<td align=\"left\" valign=\"top\" width=\"300\"><a href=\"https:\/\/satellites.univ-rennes2.fr\/cabinet-livre-artiste\/wp\/wp-content\/uploads\/couverture_pennadou.jpg\"><br \/>\n<img loading=\"lazy\" decoding=\"async\" class=\"alignnone size-full wp-image-14226\" src=\"https:\/\/satellites.univ-rennes2.fr\/cabinet-livre-artiste\/wp\/wp-content\/uploads\/couverture_pennadou.jpg\" alt=\"\" width=\"445\" height=\"581\" srcset=\"https:\/\/satellites.univ-rennes2.fr\/cabinet-livre-artiste\/wp\/wp-content\/uploads\/couverture_pennadou.jpg 445w, https:\/\/satellites.univ-rennes2.fr\/cabinet-livre-artiste\/wp\/wp-content\/uploads\/couverture_pennadou-230x300.jpg 230w\" sizes=\"auto, (max-width: 445px) 100vw, 445px\" \/><\/a><\/td>\n<\/tr>\n<\/tbody>\n<\/table>\n","protected":false},"excerpt":{"rendered":"<p>  <a href=\"https:\/\/satellites.univ-rennes2.fr\/cabinet-livre-artiste\/wp\/genres\/livre\/pennadou-da-heul-textes-pour-suite\"> <span class=\"meta-nav\"><\/span><\/a><\/p>\n","protected":false},"author":2,"featured_media":0,"comment_status":"closed","ping_status":"closed","sticky":false,"template":"","format":"standard","meta":{"footnotes":""},"categories":[33,837,32],"tags":[810,198,707,695,807,2386,669],"class_list":["post-2644","post","type-post","status-publish","format-standard","hentry","category-incertain-sens","category-lefevre-jean-claude","category-livre","tag-autobiographie","tag-citation","tag-ecriture","tag-inventaire","tag-memoire","tag-monde-de-lart","tag-protocole"],"_links":{"self":[{"href":"https:\/\/satellites.univ-rennes2.fr\/cabinet-livre-artiste\/wp\/wp-json\/wp\/v2\/posts\/2644","targetHints":{"allow":["GET"]}}],"collection":[{"href":"https:\/\/satellites.univ-rennes2.fr\/cabinet-livre-artiste\/wp\/wp-json\/wp\/v2\/posts"}],"about":[{"href":"https:\/\/satellites.univ-rennes2.fr\/cabinet-livre-artiste\/wp\/wp-json\/wp\/v2\/types\/post"}],"author":[{"embeddable":true,"href":"https:\/\/satellites.univ-rennes2.fr\/cabinet-livre-artiste\/wp\/wp-json\/wp\/v2\/users\/2"}],"replies":[{"embeddable":true,"href":"https:\/\/satellites.univ-rennes2.fr\/cabinet-livre-artiste\/wp\/wp-json\/wp\/v2\/comments?post=2644"}],"version-history":[{"count":7,"href":"https:\/\/satellites.univ-rennes2.fr\/cabinet-livre-artiste\/wp\/wp-json\/wp\/v2\/posts\/2644\/revisions"}],"predecessor-version":[{"id":27348,"href":"https:\/\/satellites.univ-rennes2.fr\/cabinet-livre-artiste\/wp\/wp-json\/wp\/v2\/posts\/2644\/revisions\/27348"}],"wp:attachment":[{"href":"https:\/\/satellites.univ-rennes2.fr\/cabinet-livre-artiste\/wp\/wp-json\/wp\/v2\/media?parent=2644"}],"wp:term":[{"taxonomy":"category","embeddable":true,"href":"https:\/\/satellites.univ-rennes2.fr\/cabinet-livre-artiste\/wp\/wp-json\/wp\/v2\/categories?post=2644"},{"taxonomy":"post_tag","embeddable":true,"href":"https:\/\/satellites.univ-rennes2.fr\/cabinet-livre-artiste\/wp\/wp-json\/wp\/v2\/tags?post=2644"}],"curies":[{"name":"wp","href":"https:\/\/api.w.org\/{rel}","templated":true}]}}