{"id":3404,"date":"2012-02-14T13:34:10","date_gmt":"2012-02-14T13:34:10","guid":{"rendered":"https:\/\/satellites.univ-rennes2.fr\/cabinet-livre-artiste\/wp\/?p=3404"},"modified":"2019-02-27T12:34:51","modified_gmt":"2019-02-27T12:34:51","slug":"le-ballet-des-beaux-arts","status":"publish","type":"post","link":"https:\/\/satellites.univ-rennes2.fr\/cabinet-livre-artiste\/wp\/genres\/livre\/le-ballet-des-beaux-arts","title":{"rendered":"Le Ballet des Beaux-Arts"},"content":{"rendered":"<table border=\"0\" width=\"650\">\n<tbody>\n<tr>\n<td align=\"left\" valign=\"top\" width=\"325\" height=\"300\">\n<p style=\"text-align: justify;\">AUTEUR.<br \/>\nFran\u00e7ois Morellet.<\/p>\n<p style=\"text-align: justify;\">PUBLICATION.<br \/>\nGand, Imschoot Uitgevers, 1990.<\/p>\n<p style=\"text-align: justify;\">TYPE DOC.<br \/>\nLivre<\/p>\n<p style=\"text-align: left;\">FA\u00c7ONNAGE.<br \/>\n[64 pages], dos carr\u00e9 cousu coll\u00e9, couverture rempli\u00e9e, impression noir &amp; blanc, 21 x 15 cm.<\/p>\n<p style=\"text-align: left;\">DESCRIPTION.<br \/>\nFran\u00e7ois Morellet m\u00e8ne ici une r\u00e9flexion graphique autour du carr\u00e9 et du ballet. En se pla\u00e7ant clairement en \u00abennemi\u00bb du carr\u00e9 et du ballet face auxquels il livre une \u00abcroisade\u00bb, il tente, par une d\u00e9monstration tant verbale que formelle, de <em>bouleverser tout ce que nous croyions savoir sur le carr\u00e9 et le ballet depuis Mal\u00e9vitch et Diagilew. <\/em><\/p>\n<p style=\"text-align: justify;\">COTE. 01MORE\/BAL<\/p>\n<p style=\"text-align: justify;\">ISBN. 90-72191-17-X<\/p>\n<\/td>\n<td align=\"left\" valign=\"top\" width=\"25\" height=\"300\"><\/td>\n<td align=\"left\" valign=\"top\" width=\"300\" height=\"300\"><span style=\"line-height: 16px;\"><a href=\"https:\/\/satellites.univ-rennes2.fr\/cabinet-livre-artiste\/wp\/wp-content\/uploads\/morellet_le_ballet_1990.jpg\"><br \/>\n<img loading=\"lazy\" decoding=\"async\" class=\"alignnone size-medium wp-image-3405\" title=\"Le Ballet des Beaux-Arts\" src=\"https:\/\/satellites.univ-rennes2.fr\/cabinet-livre-artiste\/wp\/wp-content\/uploads\/morellet_le_ballet_1990-217x300.jpg\" alt=\"\" width=\"217\" height=\"300\" srcset=\"https:\/\/satellites.univ-rennes2.fr\/cabinet-livre-artiste\/wp\/wp-content\/uploads\/morellet_le_ballet_1990-217x300.jpg 217w, https:\/\/satellites.univ-rennes2.fr\/cabinet-livre-artiste\/wp\/wp-content\/uploads\/morellet_le_ballet_1990.jpg 579w\" sizes=\"auto, (max-width: 217px) 100vw, 217px\" \/><\/a><br \/>\n<\/span><\/td>\n<\/tr>\n<\/tbody>\n<\/table>\n","protected":false},"excerpt":{"rendered":"<p>  <a href=\"https:\/\/satellites.univ-rennes2.fr\/cabinet-livre-artiste\/wp\/genres\/livre\/le-ballet-des-beaux-arts\"> <span class=\"meta-nav\"><\/span><\/a><\/p>\n","protected":false},"author":2,"featured_media":0,"comment_status":"closed","ping_status":"open","sticky":false,"template":"","format":"standard","meta":{"footnotes":""},"categories":[56,32,1024],"tags":[1756,660,200,665],"class_list":["post-3404","post","type-post","status-publish","format-standard","hentry","category-imschoot","category-livre","category-morellet-francois","tag-danse","tag-mathematique","tag-minimal","tag-monde-de-lart"],"_links":{"self":[{"href":"https:\/\/satellites.univ-rennes2.fr\/cabinet-livre-artiste\/wp\/wp-json\/wp\/v2\/posts\/3404","targetHints":{"allow":["GET"]}}],"collection":[{"href":"https:\/\/satellites.univ-rennes2.fr\/cabinet-livre-artiste\/wp\/wp-json\/wp\/v2\/posts"}],"about":[{"href":"https:\/\/satellites.univ-rennes2.fr\/cabinet-livre-artiste\/wp\/wp-json\/wp\/v2\/types\/post"}],"author":[{"embeddable":true,"href":"https:\/\/satellites.univ-rennes2.fr\/cabinet-livre-artiste\/wp\/wp-json\/wp\/v2\/users\/2"}],"replies":[{"embeddable":true,"href":"https:\/\/satellites.univ-rennes2.fr\/cabinet-livre-artiste\/wp\/wp-json\/wp\/v2\/comments?post=3404"}],"version-history":[{"count":5,"href":"https:\/\/satellites.univ-rennes2.fr\/cabinet-livre-artiste\/wp\/wp-json\/wp\/v2\/posts\/3404\/revisions"}],"predecessor-version":[{"id":23127,"href":"https:\/\/satellites.univ-rennes2.fr\/cabinet-livre-artiste\/wp\/wp-json\/wp\/v2\/posts\/3404\/revisions\/23127"}],"wp:attachment":[{"href":"https:\/\/satellites.univ-rennes2.fr\/cabinet-livre-artiste\/wp\/wp-json\/wp\/v2\/media?parent=3404"}],"wp:term":[{"taxonomy":"category","embeddable":true,"href":"https:\/\/satellites.univ-rennes2.fr\/cabinet-livre-artiste\/wp\/wp-json\/wp\/v2\/categories?post=3404"},{"taxonomy":"post_tag","embeddable":true,"href":"https:\/\/satellites.univ-rennes2.fr\/cabinet-livre-artiste\/wp\/wp-json\/wp\/v2\/tags?post=3404"}],"curies":[{"name":"wp","href":"https:\/\/api.w.org\/{rel}","templated":true}]}}