{"id":4506,"date":"2012-04-22T16:38:00","date_gmt":"2012-04-22T16:38:00","guid":{"rendered":"https:\/\/satellites.univ-rennes2.fr\/cabinet-livre-artiste\/wp\/?p=4506"},"modified":"2019-02-26T11:49:46","modified_gmt":"2019-02-26T11:49:46","slug":"europaer","status":"publish","type":"post","link":"https:\/\/satellites.univ-rennes2.fr\/cabinet-livre-artiste\/wp\/genres\/livre\/europaer","title":{"rendered":"Europ\u00e4er"},"content":{"rendered":"<table border=\"0\" width=\"650\">\n<tbody>\n<tr>\n<td align=\"left\" valign=\"top\" width=\"300\">AUTEUR.<br \/>\nKurt Ryslavy.<\/p>\n<p>PUBLICATION.<br \/>\nBruxelles, Komplot; Vienne, Schlebr\u00fcgge, 2007.<\/p>\n<p>TYPE DOC.<br \/>\nLivre (\u00e9dition en 36 langues)<\/p>\n<p>FA\u00c7ONNAGE.<br \/>\n[253 pages], dos carr\u00e9 coll\u00e9, impression noir &amp; blanc, 30 x 21 cm.<\/p>\n<p>DESCRIPTION.<br \/>\nLe texte autobiographique de Kurt Ryslavy est un v\u00e9ritable manifeste de la pratique de cet artiste, devenu vendeur de vins pour subvenir \u00e0 ses besoins. Agr\u00e9ment\u00e9 de notes manuscrites, d&rsquo;images des catalogues de vins \u00ab artistiques \u00bb et de la maison-atelier, le texte agit comme un credo artistique, un v\u00e9cu fictionnalis\u00e9 mais aussi comme une confession \u00e0 la fois dr\u00f4le et touchante, dans son \u00e9vocation des probl\u00e9matiques de la survie identitaire et mat\u00e9rielle au sein de nos soci\u00e9t\u00e9s. Publi\u00e9 en trente-six langues europ\u00e9ennes, il vise, par ses enjeux et son utilisation liminale et parodique d\u2019une rh\u00e9torique commerciale, un large public, international.<\/p>\n<p style=\"text-align: justify;\">COTE. 01RYSL\/EUR<\/p>\n<p style=\"text-align: justify;\">ISBN. 978-3-85160-107-7<\/p>\n<\/td>\n<td align=\"left\" valign=\"top\" width=\"300\"><a href=\"https:\/\/satellites.univ-rennes2.fr\/cabinet-livre-artiste\/wp\/wp-content\/uploads\/ryslavy_europaer_2007.jpg\"><img loading=\"lazy\" decoding=\"async\" class=\"alignnone size-full wp-image-4508\" title=\"Europ\u00e4er\" src=\"https:\/\/satellites.univ-rennes2.fr\/cabinet-livre-artiste\/wp\/wp-content\/uploads\/ryslavy_europaer_2007.jpg\" alt=\"\" width=\"217\" height=\"300\" \/><\/a><\/td>\n<\/tr>\n<\/tbody>\n<\/table>\n","protected":false},"excerpt":{"rendered":"<p>  <a href=\"https:\/\/satellites.univ-rennes2.fr\/cabinet-livre-artiste\/wp\/genres\/livre\/europaer\"> <span class=\"meta-nav\"><\/span><\/a><\/p>\n","protected":false},"author":2,"featured_media":0,"comment_status":"closed","ping_status":"open","sticky":false,"template":"","format":"standard","meta":{"footnotes":""},"categories":[446,32,1637,447],"tags":[810,697,707,659,665,696,712,713],"class_list":["post-4506","post","type-post","status-publish","format-standard","hentry","category-komplot","category-livre","category-ryslavy-kurt","category-schlebrugge","tag-autobiographie","tag-economie","tag-ecriture","tag-langage","tag-monde-de-lart","tag-monde-du-travail","tag-parodie","tag-societe"],"_links":{"self":[{"href":"https:\/\/satellites.univ-rennes2.fr\/cabinet-livre-artiste\/wp\/wp-json\/wp\/v2\/posts\/4506","targetHints":{"allow":["GET"]}}],"collection":[{"href":"https:\/\/satellites.univ-rennes2.fr\/cabinet-livre-artiste\/wp\/wp-json\/wp\/v2\/posts"}],"about":[{"href":"https:\/\/satellites.univ-rennes2.fr\/cabinet-livre-artiste\/wp\/wp-json\/wp\/v2\/types\/post"}],"author":[{"embeddable":true,"href":"https:\/\/satellites.univ-rennes2.fr\/cabinet-livre-artiste\/wp\/wp-json\/wp\/v2\/users\/2"}],"replies":[{"embeddable":true,"href":"https:\/\/satellites.univ-rennes2.fr\/cabinet-livre-artiste\/wp\/wp-json\/wp\/v2\/comments?post=4506"}],"version-history":[{"count":4,"href":"https:\/\/satellites.univ-rennes2.fr\/cabinet-livre-artiste\/wp\/wp-json\/wp\/v2\/posts\/4506\/revisions"}],"predecessor-version":[{"id":22888,"href":"https:\/\/satellites.univ-rennes2.fr\/cabinet-livre-artiste\/wp\/wp-json\/wp\/v2\/posts\/4506\/revisions\/22888"}],"wp:attachment":[{"href":"https:\/\/satellites.univ-rennes2.fr\/cabinet-livre-artiste\/wp\/wp-json\/wp\/v2\/media?parent=4506"}],"wp:term":[{"taxonomy":"category","embeddable":true,"href":"https:\/\/satellites.univ-rennes2.fr\/cabinet-livre-artiste\/wp\/wp-json\/wp\/v2\/categories?post=4506"},{"taxonomy":"post_tag","embeddable":true,"href":"https:\/\/satellites.univ-rennes2.fr\/cabinet-livre-artiste\/wp\/wp-json\/wp\/v2\/tags?post=4506"}],"curies":[{"name":"wp","href":"https:\/\/api.w.org\/{rel}","templated":true}]}}