{"id":4814,"date":"2012-04-24T15:35:19","date_gmt":"2012-04-24T15:35:19","guid":{"rendered":"https:\/\/satellites.univ-rennes2.fr\/cabinet-livre-artiste\/wp\/?p=4814"},"modified":"2019-02-25T15:08:40","modified_gmt":"2019-02-25T15:08:40","slug":"pantheon-des-astres","status":"publish","type":"post","link":"https:\/\/satellites.univ-rennes2.fr\/cabinet-livre-artiste\/wp\/genres\/livre\/pantheon-des-astres","title":{"rendered":"Panth\u00e9on des astres"},"content":{"rendered":"<table border=\"0\" width=\"650\">\n<tbody>\n<tr>\n<td align=\"left\" valign=\"top\" width=\"300\">AUTEUR.<br \/>\nDidier Trenet.<\/p>\n<p>PUBLICATION.<br \/>\nCarquefou, FRAC Pays-de-la-Loire; Nantes, \u00c9ditions Joca Seria; Association culturelle du Lac de Grand-Lieu, 2002.<\/p>\n<p>TYPE DOC.<br \/>\nLivre<\/p>\n<p>FA\u00c7ONNAGE.<br \/>\n96 pages, dos carr\u00e9 cousu coll\u00e9, couverture rempli\u00e9e, impression couleur, 22 x 16,5 cm.<\/p>\n<p>DESCRIPTION.<br \/>\nAvec <em>Panth\u00e9on des astres,<\/em> Didier Trenet m\u00e8ne une r\u00e9flexion entre sculpture, photographie et dessin autour de trois lieux : le FRAC, le lac de Grand-Lieu et l\u2019abbatiale. Pour lui \u00able sarcophage de Saint Philibert renvoie l\u2019abbatiale \u00e0 une sorte de panth\u00e9on, de lieu o\u00f9 l\u2019on conserve les restes des grands hommes, ces figures qui font l\u2019histoire. Les astres. Mais aussi d\u00e9sastre, parce que quelque part, la construction appelle la ruine, l\u2019immobilit\u00e9 appelle la mobilit\u00e9.\u00bb<\/p>\n<p style=\"text-align: justify;\">COTE. 01TREN\/PAN<\/p>\n<p style=\"text-align: justify;\">ISBN. 2-84809-066-9<\/p>\n<\/td>\n<td align=\"left\" valign=\"top\" width=\"300\"><a href=\"https:\/\/satellites.univ-rennes2.fr\/cabinet-livre-artiste\/wp\/wp-content\/uploads\/trenet_pantheon_2002.jpg\"><img loading=\"lazy\" decoding=\"async\" class=\"alignnone size-full wp-image-4815\" title=\"Panth\u00e9on des astres\" src=\"https:\/\/satellites.univ-rennes2.fr\/cabinet-livre-artiste\/wp\/wp-content\/uploads\/trenet_pantheon_2002.jpg\" alt=\"\" width=\"217\" height=\"300\" \/><\/a><\/td>\n<\/tr>\n<\/tbody>\n<\/table>\n","protected":false},"excerpt":{"rendered":"<p>  <a href=\"https:\/\/satellites.univ-rennes2.fr\/cabinet-livre-artiste\/wp\/genres\/livre\/pantheon-des-astres\"> <span class=\"meta-nav\"><\/span><\/a><\/p>\n","protected":false},"author":2,"featured_media":0,"comment_status":"closed","ping_status":"open","sticky":false,"template":"","format":"standard","meta":{"footnotes":""},"categories":[304,298,37,32,1704],"tags":[702,656,651,650],"class_list":["post-4814","post","type-post","status-publish","format-standard","hentry","category-association-culturelle-du-lac-de-grand-lieu","category-frac-pays-de-la-loire","category-joca-seria","category-livre","category-trenet-didier","tag-dessin","tag-photographie","tag-territoire","tag-ville"],"_links":{"self":[{"href":"https:\/\/satellites.univ-rennes2.fr\/cabinet-livre-artiste\/wp\/wp-json\/wp\/v2\/posts\/4814","targetHints":{"allow":["GET"]}}],"collection":[{"href":"https:\/\/satellites.univ-rennes2.fr\/cabinet-livre-artiste\/wp\/wp-json\/wp\/v2\/posts"}],"about":[{"href":"https:\/\/satellites.univ-rennes2.fr\/cabinet-livre-artiste\/wp\/wp-json\/wp\/v2\/types\/post"}],"author":[{"embeddable":true,"href":"https:\/\/satellites.univ-rennes2.fr\/cabinet-livre-artiste\/wp\/wp-json\/wp\/v2\/users\/2"}],"replies":[{"embeddable":true,"href":"https:\/\/satellites.univ-rennes2.fr\/cabinet-livre-artiste\/wp\/wp-json\/wp\/v2\/comments?post=4814"}],"version-history":[{"count":6,"href":"https:\/\/satellites.univ-rennes2.fr\/cabinet-livre-artiste\/wp\/wp-json\/wp\/v2\/posts\/4814\/revisions"}],"predecessor-version":[{"id":22795,"href":"https:\/\/satellites.univ-rennes2.fr\/cabinet-livre-artiste\/wp\/wp-json\/wp\/v2\/posts\/4814\/revisions\/22795"}],"wp:attachment":[{"href":"https:\/\/satellites.univ-rennes2.fr\/cabinet-livre-artiste\/wp\/wp-json\/wp\/v2\/media?parent=4814"}],"wp:term":[{"taxonomy":"category","embeddable":true,"href":"https:\/\/satellites.univ-rennes2.fr\/cabinet-livre-artiste\/wp\/wp-json\/wp\/v2\/categories?post=4814"},{"taxonomy":"post_tag","embeddable":true,"href":"https:\/\/satellites.univ-rennes2.fr\/cabinet-livre-artiste\/wp\/wp-json\/wp\/v2\/tags?post=4814"}],"curies":[{"name":"wp","href":"https:\/\/api.w.org\/{rel}","templated":true}]}}