{"id":8412,"date":"2012-07-21T14:42:06","date_gmt":"2012-07-21T14:42:06","guid":{"rendered":"https:\/\/satellites.univ-rennes2.fr\/cabinet-livre-artiste\/wp\/?p=8412"},"modified":"2022-10-14T13:07:04","modified_gmt":"2022-10-14T13:07:04","slug":"l%e2%80%99art-doit-obeir-a-la-regle-des-3c","status":"publish","type":"post","link":"https:\/\/satellites.univ-rennes2.fr\/cabinet-livre-artiste\/wp\/genres\/tract\/l%e2%80%99art-doit-obeir-a-la-regle-des-3c","title":{"rendered":"[L\u2019art doit ob\u00e9ir \u00e0 la r\u00e8gle des 3C]"},"content":{"rendered":"<table border=\"0\" width=\"650\">\n<tbody>\n<tr>\n<td align=\"left\" valign=\"top\" width=\"300\">\n<p style=\"text-align: left;\">AUTEUR.<br \/>\nErnest T.<\/p>\n<p style=\"text-align: left;\">PUBLICATION.<br \/>\nParis, auto-\u00e9dit\u00e9, 2004.<\/p>\n<p style=\"text-align: left;\">TYPE DOC.<br \/>\nPapillons<\/p>\n<p style=\"text-align: left;\">FA\u00c7ONNAGE.<br \/>\nTrois papillons, impression recto noir &amp; blanc respectivement sur\u00a0papier jaune, rouge et bleu, 7 x 21 cm.<\/p>\n<p style=\"text-align: left;\">DESCRIPTION.<br \/>\nSur chacun de ces trois papillons est imprim\u00e9e une phrase d&rsquo;Ernest T. concernant le monde de l&rsquo;art ou la condition de l&rsquo;artiste.<\/p>\n<p>COTE. 01ERNE\/ART<br \/>\n(CLASSEUR 02TRACTS)<\/p>\n<p>ISBN. Sans<\/td>\n<td align=\"left\" valign=\"top\" width=\"300\"><a href=\"https:\/\/satellites.univ-rennes2.fr\/cabinet-livre-artiste\/wp\/wp-content\/uploads\/ernest_l_art_doit.jpg\"><img loading=\"lazy\" decoding=\"async\" class=\"alignnone size-medium wp-image-8414\" title=\"[L\u2019art doit ob\u00e9ir \u00e0 la r\u00e8gle des 3C]\" src=\"https:\/\/satellites.univ-rennes2.fr\/cabinet-livre-artiste\/wp\/wp-content\/uploads\/ernest_l_art_doit-217x300.jpg\" alt=\"\" width=\"217\" height=\"300\" srcset=\"https:\/\/satellites.univ-rennes2.fr\/cabinet-livre-artiste\/wp\/wp-content\/uploads\/ernest_l_art_doit-217x300.jpg 217w, https:\/\/satellites.univ-rennes2.fr\/cabinet-livre-artiste\/wp\/wp-content\/uploads\/ernest_l_art_doit.jpg 581w\" sizes=\"auto, (max-width: 217px) 100vw, 217px\" \/><\/a><\/td>\n<\/tr>\n<\/tbody>\n<\/table>\n","protected":false},"excerpt":{"rendered":"<p>  <a href=\"https:\/\/satellites.univ-rennes2.fr\/cabinet-livre-artiste\/wp\/genres\/tract\/l%e2%80%99art-doit-obeir-a-la-regle-des-3c\"> <span class=\"meta-nav\"><\/span><\/a><\/p>\n","protected":false},"author":2,"featured_media":0,"comment_status":"closed","ping_status":"open","sticky":false,"template":"","format":"standard","meta":{"footnotes":""},"categories":[35,1106,22],"tags":[665],"class_list":["post-8412","post","type-post","status-publish","format-standard","hentry","category-lartiste","category-ernest-t","category-tract","tag-monde-de-lart"],"_links":{"self":[{"href":"https:\/\/satellites.univ-rennes2.fr\/cabinet-livre-artiste\/wp\/wp-json\/wp\/v2\/posts\/8412","targetHints":{"allow":["GET"]}}],"collection":[{"href":"https:\/\/satellites.univ-rennes2.fr\/cabinet-livre-artiste\/wp\/wp-json\/wp\/v2\/posts"}],"about":[{"href":"https:\/\/satellites.univ-rennes2.fr\/cabinet-livre-artiste\/wp\/wp-json\/wp\/v2\/types\/post"}],"author":[{"embeddable":true,"href":"https:\/\/satellites.univ-rennes2.fr\/cabinet-livre-artiste\/wp\/wp-json\/wp\/v2\/users\/2"}],"replies":[{"embeddable":true,"href":"https:\/\/satellites.univ-rennes2.fr\/cabinet-livre-artiste\/wp\/wp-json\/wp\/v2\/comments?post=8412"}],"version-history":[{"count":6,"href":"https:\/\/satellites.univ-rennes2.fr\/cabinet-livre-artiste\/wp\/wp-json\/wp\/v2\/posts\/8412\/revisions"}],"predecessor-version":[{"id":27899,"href":"https:\/\/satellites.univ-rennes2.fr\/cabinet-livre-artiste\/wp\/wp-json\/wp\/v2\/posts\/8412\/revisions\/27899"}],"wp:attachment":[{"href":"https:\/\/satellites.univ-rennes2.fr\/cabinet-livre-artiste\/wp\/wp-json\/wp\/v2\/media?parent=8412"}],"wp:term":[{"taxonomy":"category","embeddable":true,"href":"https:\/\/satellites.univ-rennes2.fr\/cabinet-livre-artiste\/wp\/wp-json\/wp\/v2\/categories?post=8412"},{"taxonomy":"post_tag","embeddable":true,"href":"https:\/\/satellites.univ-rennes2.fr\/cabinet-livre-artiste\/wp\/wp-json\/wp\/v2\/tags?post=8412"}],"curies":[{"name":"wp","href":"https:\/\/api.w.org\/{rel}","templated":true}]}}