{"id":9008,"date":"2012-08-21T14:20:08","date_gmt":"2012-08-21T14:20:08","guid":{"rendered":"https:\/\/satellites.univ-rennes2.fr\/cabinet-livre-artiste\/wp\/?p=9008"},"modified":"2019-02-04T10:24:03","modified_gmt":"2019-02-04T10:24:03","slug":"sans-prive-de","status":"publish","type":"post","link":"https:\/\/satellites.univ-rennes2.fr\/cabinet-livre-artiste\/wp\/genres\/tract\/sans-prive-de","title":{"rendered":"Sans = priv\u00e9 de"},"content":{"rendered":"<table border=\"0\" width=\"650\">\n<tbody>\n<tr>\n<td align=\"left\" valign=\"top\" width=\"300\">\n<p style=\"text-align: left;\">AUTEUR.<br \/>\nVincent Perrottet.<\/p>\n<p style=\"text-align: justify;\">PUBLICATION.<br \/>\nS.l., auto-\u00e9dit\u00e9, [1995].<\/p>\n<p style=\"text-align: justify;\">TYPE DOC.<br \/>\nTract<\/p>\n<p style=\"text-align: left;\">FA\u00c7ONNAGE.<br \/>\nun feuillet A4, impression recto verso noir &amp; blanc et une couleur.<\/p>\n<p style=\"text-align: left;\">DESCRIPTION.<br \/>\nCe tract des Graphistes Associ\u00e9s contrebalance certaines expressions utilis\u00e9es par les m\u00e9dias en substituant le \u00ab\u00a0sans\u00a0\u00bb qu&rsquo;elles contiennent par \u00ab\u00a0priv\u00e9 de\u00a0\u00bb. Ainsi, \u00ab\u00a0sans emploi\u00a0\u00bb, \u00ab\u00a0sans ressources\u00a0\u00bb, \u00ab\u00a0sans domicile\u00a0\u00bb et \u00ab\u00a0sans papiers\u00a0\u00bb prennent un tout autre sens.<\/p>\n<p style=\"text-align: justify;\">COTE. 01PERR.2\/SAN<\/p>\n<p>ISBN. Sans<\/td>\n<td align=\"left\" valign=\"top\" width=\"300\"><span style=\"text-decoration: underline;\"><a href=\"https:\/\/satellites.univ-rennes2.fr\/cabinet-livre-artiste\/wp\/wp-content\/uploads\/perrottet_sans.jpg\"><img loading=\"lazy\" decoding=\"async\" class=\"alignnone size-medium wp-image-9009\" title=\"Sans = priv\u00e9 de\" src=\"https:\/\/satellites.univ-rennes2.fr\/cabinet-livre-artiste\/wp\/wp-content\/uploads\/perrottet_sans-217x300.jpg\" alt=\"\" width=\"217\" height=\"300\" srcset=\"https:\/\/satellites.univ-rennes2.fr\/cabinet-livre-artiste\/wp\/wp-content\/uploads\/perrottet_sans-217x300.jpg 217w, https:\/\/satellites.univ-rennes2.fr\/cabinet-livre-artiste\/wp\/wp-content\/uploads\/perrottet_sans.jpg 581w\" sizes=\"auto, (max-width: 217px) 100vw, 217px\" \/><\/a><br \/>\n<\/span><\/td>\n<\/tr>\n<\/tbody>\n<\/table>\n","protected":false},"excerpt":{"rendered":"<p>  <a href=\"https:\/\/satellites.univ-rennes2.fr\/cabinet-livre-artiste\/wp\/genres\/tract\/sans-prive-de\"> <span class=\"meta-nav\"><\/span><\/a><\/p>\n","protected":false},"author":2,"featured_media":0,"comment_status":"closed","ping_status":"open","sticky":false,"template":"","format":"standard","meta":{"footnotes":""},"categories":[35,2365,1543,22],"tags":[813,697,696,713],"class_list":["post-9008","post","type-post","status-publish","format-standard","hentry","category-lartiste","category-les-graphistes-associes","category-perrottet-vincent","category-tract","tag-alienation","tag-economie","tag-monde-du-travail","tag-societe"],"_links":{"self":[{"href":"https:\/\/satellites.univ-rennes2.fr\/cabinet-livre-artiste\/wp\/wp-json\/wp\/v2\/posts\/9008","targetHints":{"allow":["GET"]}}],"collection":[{"href":"https:\/\/satellites.univ-rennes2.fr\/cabinet-livre-artiste\/wp\/wp-json\/wp\/v2\/posts"}],"about":[{"href":"https:\/\/satellites.univ-rennes2.fr\/cabinet-livre-artiste\/wp\/wp-json\/wp\/v2\/types\/post"}],"author":[{"embeddable":true,"href":"https:\/\/satellites.univ-rennes2.fr\/cabinet-livre-artiste\/wp\/wp-json\/wp\/v2\/users\/2"}],"replies":[{"embeddable":true,"href":"https:\/\/satellites.univ-rennes2.fr\/cabinet-livre-artiste\/wp\/wp-json\/wp\/v2\/comments?post=9008"}],"version-history":[{"count":4,"href":"https:\/\/satellites.univ-rennes2.fr\/cabinet-livre-artiste\/wp\/wp-json\/wp\/v2\/posts\/9008\/revisions"}],"predecessor-version":[{"id":21729,"href":"https:\/\/satellites.univ-rennes2.fr\/cabinet-livre-artiste\/wp\/wp-json\/wp\/v2\/posts\/9008\/revisions\/21729"}],"wp:attachment":[{"href":"https:\/\/satellites.univ-rennes2.fr\/cabinet-livre-artiste\/wp\/wp-json\/wp\/v2\/media?parent=9008"}],"wp:term":[{"taxonomy":"category","embeddable":true,"href":"https:\/\/satellites.univ-rennes2.fr\/cabinet-livre-artiste\/wp\/wp-json\/wp\/v2\/categories?post=9008"},{"taxonomy":"post_tag","embeddable":true,"href":"https:\/\/satellites.univ-rennes2.fr\/cabinet-livre-artiste\/wp\/wp-json\/wp\/v2\/tags?post=9008"}],"curies":[{"name":"wp","href":"https:\/\/api.w.org\/{rel}","templated":true}]}}