{"id":9779,"date":"2012-11-25T18:45:40","date_gmt":"2012-11-25T18:45:40","guid":{"rendered":"https:\/\/satellites.univ-rennes2.fr\/cabinet-livre-artiste\/wp\/?p=9779"},"modified":"2019-01-31T11:53:49","modified_gmt":"2019-01-31T11:53:49","slug":"nine-images-of-the-glass-house-and-one-portrait","status":"publish","type":"post","link":"https:\/\/satellites.univ-rennes2.fr\/cabinet-livre-artiste\/wp\/genres\/livre\/nine-images-of-the-glass-house-and-one-portrait","title":{"rendered":"Nine Images of the Glass House and One Portrait"},"content":{"rendered":"<table border=\"0\" width=\"650\">\n<tbody>\n<tr>\n<td align=\"left\" valign=\"top\" width=\"300\">\n<p style=\"text-align: left;\"><span style=\"text-align: justify;\">AUTEUR.<br \/>\nArmando Andrade Tudela.<\/span><\/p>\n<p style=\"text-align: left;\"><span style=\"text-align: justify;\">PUBLICATION.<br \/>\n<\/span>Paris, it : \u00e9ditions; Amsterdam, Annet Gelink Gallery, 2007.<\/p>\n<p style=\"text-align: left;\">TYPE DOC.<br \/>\nLivre<\/p>\n<p style=\"text-align: left;\">FA\u00c7ONNAGE.<br \/>\n[32 pages], agraf\u00e9es, couverture rempli\u00e9e, impression couleur, 21 x 16,3 cm.<\/p>\n<p style=\"text-align: left;\">DESCRIPTION.<br \/>\n\u00ab\u00a0Initialement pr\u00e9sent\u00e9 sous la forme d\u2019un diaporama \u00e0 la 27e biennale de\u00a0Sao Paulo,\u00a0<em>Nine Images of the Glass House and One Portrait<\/em>\u00a0est ici transpos\u00e9 sous la forme d\u2019un livre de photographies. Cette publication est constitu\u00e9e de dix images prises dans la Maison de verre de Lina Bo Bardi (Casa de Vidrio, 1950-1953) \u2014 premi\u00e8re r\u00e9alisation de l\u2019architecte apr\u00e8s son arriv\u00e9e au Br\u00e9sil\u00a0\u00e0 la fin des ann\u00e9es 40.\u00a0\u00bb<\/p>\n<p style=\"text-align: justify;\">COTE. 01ANDR.1\/NIN<\/p>\n<p>ISBN.\u00a0978-2-917053-02-7<\/td>\n<td align=\"left\" valign=\"top\" width=\"300\"><a href=\"https:\/\/satellites.univ-rennes2.fr\/cabinet-livre-artiste\/wp\/wp-content\/uploads\/revue-e-il-topo0.jpg\"><br \/>\n<\/a><a href=\"https:\/\/satellites.univ-rennes2.fr\/cabinet-livre-artiste\/wp\/wp-content\/uploads\/andrade_nine.jpg\"><img loading=\"lazy\" decoding=\"async\" class=\"alignnone size-medium wp-image-9618\" title=\"Nine Images of the Glass House and One Portrait\" src=\"https:\/\/satellites.univ-rennes2.fr\/cabinet-livre-artiste\/wp\/wp-content\/uploads\/andrade_nine-217x300.jpg\" alt=\"\" width=\"217\" height=\"300\" srcset=\"https:\/\/satellites.univ-rennes2.fr\/cabinet-livre-artiste\/wp\/wp-content\/uploads\/andrade_nine-217x300.jpg 217w, https:\/\/satellites.univ-rennes2.fr\/cabinet-livre-artiste\/wp\/wp-content\/uploads\/andrade_nine.jpg 581w\" sizes=\"auto, (max-width: 217px) 100vw, 217px\" \/><\/a><a href=\"https:\/\/satellites.univ-rennes2.fr\/cabinet-livre-artiste\/wp\/wp-content\/uploads\/revue-e-il-topo0.jpg\"><br \/>\n<\/a><\/td>\n<\/tr>\n<\/tbody>\n<\/table>\n","protected":false},"excerpt":{"rendered":"<p>  <a href=\"https:\/\/satellites.univ-rennes2.fr\/cabinet-livre-artiste\/wp\/genres\/livre\/nine-images-of-the-glass-house-and-one-portrait\"> <span class=\"meta-nav\"><\/span><\/a><\/p>\n","protected":false},"author":2,"featured_media":0,"comment_status":"closed","ping_status":"closed","sticky":false,"template":"","format":"standard","meta":{"footnotes":""},"categories":[2566,2567,2542,32],"tags":[656,201],"class_list":["post-9779","post","type-post","status-publish","format-standard","hentry","category-andrade-tudela-armando","category-galerie-annet-gelink","category-it-editions","category-livre","tag-photographie","tag-serie"],"_links":{"self":[{"href":"https:\/\/satellites.univ-rennes2.fr\/cabinet-livre-artiste\/wp\/wp-json\/wp\/v2\/posts\/9779","targetHints":{"allow":["GET"]}}],"collection":[{"href":"https:\/\/satellites.univ-rennes2.fr\/cabinet-livre-artiste\/wp\/wp-json\/wp\/v2\/posts"}],"about":[{"href":"https:\/\/satellites.univ-rennes2.fr\/cabinet-livre-artiste\/wp\/wp-json\/wp\/v2\/types\/post"}],"author":[{"embeddable":true,"href":"https:\/\/satellites.univ-rennes2.fr\/cabinet-livre-artiste\/wp\/wp-json\/wp\/v2\/users\/2"}],"replies":[{"embeddable":true,"href":"https:\/\/satellites.univ-rennes2.fr\/cabinet-livre-artiste\/wp\/wp-json\/wp\/v2\/comments?post=9779"}],"version-history":[{"count":5,"href":"https:\/\/satellites.univ-rennes2.fr\/cabinet-livre-artiste\/wp\/wp-json\/wp\/v2\/posts\/9779\/revisions"}],"predecessor-version":[{"id":21650,"href":"https:\/\/satellites.univ-rennes2.fr\/cabinet-livre-artiste\/wp\/wp-json\/wp\/v2\/posts\/9779\/revisions\/21650"}],"wp:attachment":[{"href":"https:\/\/satellites.univ-rennes2.fr\/cabinet-livre-artiste\/wp\/wp-json\/wp\/v2\/media?parent=9779"}],"wp:term":[{"taxonomy":"category","embeddable":true,"href":"https:\/\/satellites.univ-rennes2.fr\/cabinet-livre-artiste\/wp\/wp-json\/wp\/v2\/categories?post=9779"},{"taxonomy":"post_tag","embeddable":true,"href":"https:\/\/satellites.univ-rennes2.fr\/cabinet-livre-artiste\/wp\/wp-json\/wp\/v2\/tags?post=9779"}],"curies":[{"name":"wp","href":"https:\/\/api.w.org\/{rel}","templated":true}]}}